{"id":2749,"date":"2021-01-22T17:03:27","date_gmt":"2021-01-22T16:03:27","guid":{"rendered":"http:\/\/www2.sanmarinointernational.com\/?p=2749"},"modified":"2021-05-03T21:55:29","modified_gmt":"2021-05-03T19:55:29","slug":"gran-tour-della-sicilia-5gg-4nt","status":"publish","type":"post","link":"https:\/\/www.sanmarinointernational.com\/el\/gran-tour-della-sicilia-5gg-4nt\/","title":{"rendered":"Tour della Sicilia orientale 4gg\/3nt"},"content":{"rendered":"\n<p><strong>1\u00b0 Giorno TAORMINA -CATANIA <br><\/strong>In mattinata arrivo a Taormina&nbsp;per la visita guidata,&nbsp;una localit\u00e0 unica al mondo, di un fascino ineguagliabile, arrampicata su una rupe a picco sul mare e&nbsp;sormontata dal celebre Teatro Greco,&nbsp;perfettamente conservato&nbsp;tanto da essere utilizzato&nbsp;per&nbsp;numerose manifestazioni, un posto indimenticabile e suggestivo, reso unico&nbsp;dalla quinta dell\u2019Etna a fargli&nbsp;da sfondo. Visita&nbsp;del Teatro dell&#8217;Odeon, di epoca romana, del Duomo e passeggiata nelle vie del centro storico ammirando&nbsp;gli&nbsp;storici palazzi e&nbsp;le&nbsp;piazze affacciate sul mare. Tempo a disposizione per il pranzo libero e lo shopping.&nbsp;&nbsp;trasferimento a&nbsp;Catania&nbsp;e visita guidata del bellissimo centro cittadino, iniziando con una indimenticabile passeggiata lungo la Via Etnea con vista sulla storica Fontana dell&#8217;Elefante&nbsp;per poi visitare&nbsp;i&nbsp;principali&nbsp;monumenti,&nbsp;simboli&nbsp;del barocco catanese, patrimonio dell&#8217;UNESCO.&nbsp;Sistemazione in hotel a Catania e cena.&nbsp;Pernottamento in hotel.&nbsp;<\/p>\n\n\n\n<p><strong>2\u00b0 Giorno ETNA <\/strong><br>Con la guida salita sull&#8217;Etna. Percorrendo la strada che sale fino al\u00a0vulcano,\u00a0si potranno ammirare alcune bellissime\u00a0localit\u00e0 come Zafferana Etnea, Mascalucia\u00a0o\u00a0Nicolosi, con le architetture e le case rese nere dalle emissioni di\u00a0fuliggine\u00a0del\u00a0vulcano, presenza che permea ogni aspetto della quotidianit\u00e0\u00a0di\u00a0chi vive in questi posti,\u00a0cos\u00ec affascinanti\u00a0e contrastanti da essere\u00a0decisamente\u00a0unici. Al termine della salita\u00a0e delle visite ai principali siti\u00a0di questi paesini etnei,\u00a0arrivo alla\u00a0quota 1881\u00a0metri sul livello del mare in cui si trova il Rifugio\u00a0Sapienza,\u00a0da\u00a0dove partir\u00e0 l\u2019escursione\u00a0a piedi per\u00a0vedere da vicino i\u00a0Crateri\u00a0Etnei, sempre in attivit\u00e0. Durante le\u00a0visite\u00a0pranzo in locale tipico\u00a0Etneo.\u00a0Al termine rientro in hotel per cena e pernottamento.\u00a0<\/p>\n\n\n\n<p><strong>3\u00b0 Giorno SIRACUSA &#8211; NOTO <br><\/strong>Dopo la prima colazione, trasferimento a Siracusa e visita guidata della zona archeologica&nbsp;risalente alla magna Grecia e legata al mito di Archimede,&nbsp;con l&#8217;Orecchio di Dionisio, il Teatro Greco e la Latomia del Paradiso. Al termine trasferimento sull&#8217;Isola Ortigia,&nbsp;dove si trova il&nbsp;centro storico della citt\u00e0, con l&#8217;antichissimo Duomo costruito sui resti del Tempio di Atena. Tempo a disposizione per il pranzo libero e lo shopping nella zona di Corso Matteotti e Piazza Archimede. Nel pomeriggio trasferimento a Noto e visita guidata della citt\u00e0&nbsp;scrigno del barocco Siciliano, che apre intagliata&nbsp;nella roccia locale, un&nbsp;calcare&nbsp;cangiante nei toni del giallo,&nbsp;passeggiando lungo&nbsp;il Corso Vittorio Emanuele, l&#8217;asse portante della citt\u00e0. Tempo a disposizione per gustare&nbsp;uno dei&nbsp;tanti dolci tipici, famosi nel mondo,&nbsp;in una delle storiche pasticcerie del centro storico. Sistemazione in hotel nella zona di Ragusa, cena&nbsp;in ristorante tipico&nbsp;e pernottamento.&nbsp;<\/p>\n\n\n\n<p><strong>4\u00b0 Giorno RAGUSA &#8211; CALTAGIRONE <br><\/strong>Dopo la prima colazione a buffet visita guidata di Ragusa&nbsp;Ibla,&nbsp;patrimonio&nbsp;dell\u2019UNESCO,&nbsp;una localit\u00e0 di grande bellezza, cominciando&nbsp;con la chiesa&nbsp;barocca&nbsp;di Santa Maria delle Scale,&nbsp;per poi ammirare la&nbsp;Cattedrale di San Giovanni&nbsp;e gli&nbsp;esterni&nbsp;del Palazzo Casentini e del Palazzo Bertini. Dopo il pranzo libero partenza per Caltagirone,&nbsp;un&nbsp;borgo&nbsp;fermo nel tempo,&nbsp;situato in spettacolare posizione panoramica su tre diverse colline. Passeggiata nel centro storico, Patrimonio UNESCO, con itinerario lungo la&nbsp;celebre ed impressionante&nbsp;Scala di Santa Maria del Monte, realizzata in pietra lavica con maioliche decorate,&nbsp;ad&nbsp;unire la parte bassa alla parte alta della citt\u00e0. Visita di una bottega per la lavorazione della ceramica, arte per la quale la localit\u00e0 vanta una tradizione centenaria ed \u00e8 famosa in tutto il mondo.&nbsp;&nbsp;incontro con l\u2019autobus e rientro in serata nelle rispettive sedi di partenza.&nbsp;<\/p>\n\n\n\n<h3 class=\"wp-block-heading\"><strong>Il tour in breve<\/strong><\/h3>\n\n\n\n<p>Il Mare e la caldera del vulcano, i templi ed i teatri, i miti e la bellezza del Barocco, la Manga Grecia e l\u2019eleganza del tempo &#8230;tra gusti e pro- fumi golosi a cavallo tra occidente ed oriente&#8230;<\/p>\n\n\n\n<h3 class=\"wp-block-heading\">QUOTA PER PERSONA:&nbsp;<\/h3>\n\n\n\n<ul class=\"wp-block-list\"><li>a partire da \u20ac\u00a0240,00 a persona\u00a0<\/li><li>supplemento singola a partire da \u20ac\u00a095,00\u00a0<\/li><\/ul>\n\n\n\n<h3 class=\"wp-block-heading\"><strong>La quota comprende<\/strong><\/h3>\n\n\n\n<ul class=\"wp-block-list\"><li>Sistemazione in hotels\u00a03* e\u00a04*\u00a0in camera doppia\u00a0\u00a0<\/li><li>Trattamento mezza pensione con cene in hotel o in ristoranti convenzionati\u00a0<\/li><li>1\u00a0pranzo\u00a0in\u00a0ristorante tipico\u00a0zona Etna\u00a0\u00a0<\/li><li>1 cena in ristorante a Ragusa\u00a0\u00a0<\/li><li>4\u00a0visite\u00a0guidate\u00a0giornata intera come da programma\u00a0<\/li><\/ul>\n\n\n\n<h3 class=\"wp-block-heading\">LA QUOTA NON COMPRENDE :<\/h3>\n\n\n\n<ul class=\"wp-block-list\"><li>Trasporto in bus e sistemazione autista durante il soggiorno\u00a0<\/li><li>Pasti guida nelle giornate intere\u00a0\u00a0<\/li><li>Bevande ai pasti\u00a0<\/li><li>Auricolari per le visite guidate\u00a0<\/li><li>Eventuale 2\u00b0 guida per ingressi a musei e monumenti\u00a0<\/li><li>Ingressi durante le visite\u00a0<\/li><li>Tasse di soggiorno\u00a0<\/li><li>Mance, extra, quanto non espressamente indicato in \u201cla quota comprende\u2019\u00a0<\/li><\/ul>\n\n\n\n<h3 class=\"wp-block-heading\"><strong>Tipologia hotel considerata :<\/strong><\/h3>\n\n\n\n<ul class=\"wp-block-list\"><li>Catania: Hotel Villa del Bosco 4*\u00a0\u00a0<\/li><li>Ragusa: Hotel Mediterraneo Palace 4*\u00a0\u00a0<\/li><\/ul>\n\n\n\n<h3 class=\"wp-block-heading\"><strong>La ciliegina sulla torta<\/strong><\/h3>\n\n\n\n<p><strong>Il Castagno dei Cento Cavalli: <\/strong>\u00e8 un mix unico di patrimonio naturale e mito. Situato ai piedi dell\u2019Etna, il grande albero sembrerebbe avere dai due ai quattromila anni, vantando il titolo di albero pi\u00f9 longevo d\u2019Italia. La leggenda narra che, intorno al 1400, la regina Giovanna d\u2019Aragona, errando per una battuta di caccia con un seguito di cento cavalieri, fu sorpresa da un disastroso temporale. La comitiva trov\u00f2 riparo, per tutta la notte, proprio tra le grandi fronde del Castagno. Da l\u00ec divenne il Castagno dei Cento Cavalli, riconosciuto come \u201cMonu- mento Messaggero di Pace\u201d dall\u2019UNESCO.<\/p>\n","protected":false},"excerpt":{"rendered":"<p>l Mare e la caldera del vulcano, i templi ed i teatri, i miti e la bellezza del Barocco, la Manga Grecia e l\u2019eleganza del tempo &#8230;tra gusti e pro- fumi golosi a cavallo tra occidente ed oriente&#8230;<\/p>\n","protected":false},"author":1,"featured_media":2750,"comment_status":"closed","ping_status":"open","sticky":false,"template":"","format":"standard","meta":{"content-type":"","_uag_custom_page_level_css":"","footnotes":""},"categories":[128,214,157],"tags":[156],"class_list":["post-2749","post","type-post","status-publish","format-standard","has-post-thumbnail","hentry","category-italia","category-sicilia","category-tour","tag-riservato"],"yoast_head":"<!-- This site is optimized with the Yoast SEO plugin v27.5 - https:\/\/yoast.com\/product\/yoast-seo-wordpress\/ -->\n<title>Tour della Sicilia orientale 4gg\/3nt - San Marino International<\/title>\n<meta name=\"description\" content=\"Tour Operator gruppi Italia ed Europa\" \/>\n<meta name=\"robots\" content=\"noindex, follow\" \/>\n<meta property=\"og:locale\" content=\"el_GR\" \/>\n<meta property=\"og:type\" content=\"article\" \/>\n<meta property=\"og:title\" content=\"Tour della Sicilia orientale 4gg\/3nt - San Marino International\" \/>\n<meta property=\"og:description\" content=\"Tour Operator gruppi Italia ed Europa\" \/>\n<meta property=\"og:url\" content=\"https:\/\/www.sanmarinointernational.com\/el\/gran-tour-della-sicilia-5gg-4nt\/\" \/>\n<meta property=\"og:site_name\" content=\"San Marino International\" \/>\n<meta property=\"article:publisher\" content=\"https:\/\/www.facebook.com\/internationalrsm\" \/>\n<meta property=\"article:published_time\" content=\"2021-01-22T16:03:27+00:00\" \/>\n<meta property=\"article:modified_time\" content=\"2021-05-03T19:55:29+00:00\" \/>\n<meta property=\"og:image\" content=\"https:\/\/www.sanmarinointernational.com\/wp-content\/uploads\/2021\/01\/aeolian-islands-1301241.jpg\" \/>\n\t<meta property=\"og:image:width\" content=\"1280\" \/>\n\t<meta property=\"og:image:height\" content=\"720\" \/>\n\t<meta property=\"og:image:type\" content=\"image\/jpeg\" \/>\n<meta name=\"author\" content=\"SMI\" \/>\n<meta name=\"twitter:card\" content=\"summary_large_image\" \/>\n<script type=\"application\/ld+json\" class=\"yoast-schema-graph\">{\"@context\":\"https:\\\/\\\/schema.org\",\"@graph\":[{\"@type\":\"Article\",\"@id\":\"https:\\\/\\\/www.sanmarinointernational.com\\\/el\\\/gran-tour-della-sicilia-5gg-4nt\\\/#article\",\"isPartOf\":{\"@id\":\"https:\\\/\\\/www.sanmarinointernational.com\\\/el\\\/gran-tour-della-sicilia-5gg-4nt\\\/\"},\"author\":{\"name\":\"SMI\",\"@id\":\"https:\\\/\\\/www.sanmarinointernational.com\\\/el\\\/#\\\/schema\\\/person\\\/ba95485c34ccd7ff7d598eaeb70275b3\"},\"headline\":\"Tour della Sicilia orientale 4gg\\\/3nt\",\"datePublished\":\"2021-01-22T16:03:27+00:00\",\"dateModified\":\"2021-05-03T19:55:29+00:00\",\"mainEntityOfPage\":{\"@id\":\"https:\\\/\\\/www.sanmarinointernational.com\\\/el\\\/gran-tour-della-sicilia-5gg-4nt\\\/\"},\"wordCount\":905,\"publisher\":{\"@id\":\"https:\\\/\\\/www.sanmarinointernational.com\\\/el\\\/#organization\"},\"image\":{\"@id\":\"https:\\\/\\\/www.sanmarinointernational.com\\\/el\\\/gran-tour-della-sicilia-5gg-4nt\\\/#primaryimage\"},\"thumbnailUrl\":\"https:\\\/\\\/www.sanmarinointernational.com\\\/wp-content\\\/uploads\\\/2021\\\/01\\\/aeolian-islands-1301241.jpg\",\"keywords\":[\"Riservato\"],\"articleSection\":[\"Italia\",\"Sicilia\",\"Tour\"],\"inLanguage\":\"el\"},{\"@type\":\"WebPage\",\"@id\":\"https:\\\/\\\/www.sanmarinointernational.com\\\/el\\\/gran-tour-della-sicilia-5gg-4nt\\\/\",\"url\":\"https:\\\/\\\/www.sanmarinointernational.com\\\/el\\\/gran-tour-della-sicilia-5gg-4nt\\\/\",\"name\":\"Tour della Sicilia orientale 4gg\\\/3nt - San Marino International\",\"isPartOf\":{\"@id\":\"https:\\\/\\\/www.sanmarinointernational.com\\\/el\\\/#website\"},\"primaryImageOfPage\":{\"@id\":\"https:\\\/\\\/www.sanmarinointernational.com\\\/el\\\/gran-tour-della-sicilia-5gg-4nt\\\/#primaryimage\"},\"image\":{\"@id\":\"https:\\\/\\\/www.sanmarinointernational.com\\\/el\\\/gran-tour-della-sicilia-5gg-4nt\\\/#primaryimage\"},\"thumbnailUrl\":\"https:\\\/\\\/www.sanmarinointernational.com\\\/wp-content\\\/uploads\\\/2021\\\/01\\\/aeolian-islands-1301241.jpg\",\"datePublished\":\"2021-01-22T16:03:27+00:00\",\"dateModified\":\"2021-05-03T19:55:29+00:00\",\"description\":\"Tour Operator gruppi Italia ed Europa\",\"breadcrumb\":{\"@id\":\"https:\\\/\\\/www.sanmarinointernational.com\\\/el\\\/gran-tour-della-sicilia-5gg-4nt\\\/#breadcrumb\"},\"inLanguage\":\"el\",\"potentialAction\":[{\"@type\":\"ReadAction\",\"target\":[\"https:\\\/\\\/www.sanmarinointernational.com\\\/el\\\/gran-tour-della-sicilia-5gg-4nt\\\/\"]}]},{\"@type\":\"ImageObject\",\"inLanguage\":\"el\",\"@id\":\"https:\\\/\\\/www.sanmarinointernational.com\\\/el\\\/gran-tour-della-sicilia-5gg-4nt\\\/#primaryimage\",\"url\":\"https:\\\/\\\/www.sanmarinointernational.com\\\/wp-content\\\/uploads\\\/2021\\\/01\\\/aeolian-islands-1301241.jpg\",\"contentUrl\":\"https:\\\/\\\/www.sanmarinointernational.com\\\/wp-content\\\/uploads\\\/2021\\\/01\\\/aeolian-islands-1301241.jpg\",\"width\":1280,\"height\":720},{\"@type\":\"BreadcrumbList\",\"@id\":\"https:\\\/\\\/www.sanmarinointernational.com\\\/el\\\/gran-tour-della-sicilia-5gg-4nt\\\/#breadcrumb\",\"itemListElement\":[{\"@type\":\"ListItem\",\"position\":1,\"name\":\"Home\",\"item\":\"https:\\\/\\\/www.sanmarinointernational.com\\\/el\\\/\"},{\"@type\":\"ListItem\",\"position\":2,\"name\":\"Tour della Sicilia orientale 4gg\\\/3nt\"}]},{\"@type\":\"WebSite\",\"@id\":\"https:\\\/\\\/www.sanmarinointernational.com\\\/el\\\/#website\",\"url\":\"https:\\\/\\\/www.sanmarinointernational.com\\\/el\\\/\",\"name\":\"San Marino International\",\"description\":\"Solo Gruppi Italia Europa\",\"publisher\":{\"@id\":\"https:\\\/\\\/www.sanmarinointernational.com\\\/el\\\/#organization\"},\"potentialAction\":[{\"@type\":\"SearchAction\",\"target\":{\"@type\":\"EntryPoint\",\"urlTemplate\":\"https:\\\/\\\/www.sanmarinointernational.com\\\/el\\\/?s={search_term_string}\"},\"query-input\":{\"@type\":\"PropertyValueSpecification\",\"valueRequired\":true,\"valueName\":\"search_term_string\"}}],\"inLanguage\":\"el\"},{\"@type\":\"Organization\",\"@id\":\"https:\\\/\\\/www.sanmarinointernational.com\\\/el\\\/#organization\",\"name\":\"San Marino International srl\",\"url\":\"https:\\\/\\\/www.sanmarinointernational.com\\\/el\\\/\",\"logo\":{\"@type\":\"ImageObject\",\"inLanguage\":\"el\",\"@id\":\"https:\\\/\\\/www.sanmarinointernational.com\\\/el\\\/#\\\/schema\\\/logo\\\/image\\\/\",\"url\":\"https:\\\/\\\/www.sanmarinointernational.com\\\/wp-content\\\/uploads\\\/2020\\\/11\\\/CompletoTavola-disegno-2144.png\",\"contentUrl\":\"https:\\\/\\\/www.sanmarinointernational.com\\\/wp-content\\\/uploads\\\/2020\\\/11\\\/CompletoTavola-disegno-2144.png\",\"width\":121,\"height\":144,\"caption\":\"San Marino International srl\"},\"image\":{\"@id\":\"https:\\\/\\\/www.sanmarinointernational.com\\\/el\\\/#\\\/schema\\\/logo\\\/image\\\/\"},\"sameAs\":[\"https:\\\/\\\/www.facebook.com\\\/internationalrsm\",\"https:\\\/\\\/www.instagram.com\\\/sanmarinointernational\\\/\",\"https:\\\/\\\/www.linkedin.com\\\/company\\\/san-marino-international\\\/\"]},{\"@type\":\"Person\",\"@id\":\"https:\\\/\\\/www.sanmarinointernational.com\\\/el\\\/#\\\/schema\\\/person\\\/ba95485c34ccd7ff7d598eaeb70275b3\",\"name\":\"SMI\",\"image\":{\"@type\":\"ImageObject\",\"inLanguage\":\"el\",\"@id\":\"https:\\\/\\\/secure.gravatar.com\\\/avatar\\\/00159391c8dba5db5f090c5a381bcad4a57fa2526981911ac8b1c80ebf69beff?s=96&d=mm&r=g\",\"url\":\"https:\\\/\\\/secure.gravatar.com\\\/avatar\\\/00159391c8dba5db5f090c5a381bcad4a57fa2526981911ac8b1c80ebf69beff?s=96&d=mm&r=g\",\"contentUrl\":\"https:\\\/\\\/secure.gravatar.com\\\/avatar\\\/00159391c8dba5db5f090c5a381bcad4a57fa2526981911ac8b1c80ebf69beff?s=96&d=mm&r=g\",\"caption\":\"SMI\"},\"sameAs\":[\"http:\\\/\\\/www.sanmarinointernational.com\"]}]}<\/script>\n<!-- \/ Yoast SEO plugin. -->","yoast_head_json":{"title":"Tour della Sicilia orientale 4gg\/3nt - San Marino International","description":"Tour Operator gruppi Italia ed Europa","robots":{"index":"noindex","follow":"follow"},"og_locale":"el_GR","og_type":"article","og_title":"Tour della Sicilia orientale 4gg\/3nt - San Marino International","og_description":"Tour Operator gruppi Italia ed Europa","og_url":"https:\/\/www.sanmarinointernational.com\/el\/gran-tour-della-sicilia-5gg-4nt\/","og_site_name":"San Marino International","article_publisher":"https:\/\/www.facebook.com\/internationalrsm","article_published_time":"2021-01-22T16:03:27+00:00","article_modified_time":"2021-05-03T19:55:29+00:00","og_image":[{"width":1280,"height":720,"url":"https:\/\/www.sanmarinointernational.com\/wp-content\/uploads\/2021\/01\/aeolian-islands-1301241.jpg","type":"image\/jpeg"}],"author":"SMI","twitter_card":"summary_large_image","schema":{"@context":"https:\/\/schema.org","@graph":[{"@type":"Article","@id":"https:\/\/www.sanmarinointernational.com\/el\/gran-tour-della-sicilia-5gg-4nt\/#article","isPartOf":{"@id":"https:\/\/www.sanmarinointernational.com\/el\/gran-tour-della-sicilia-5gg-4nt\/"},"author":{"name":"SMI","@id":"https:\/\/www.sanmarinointernational.com\/el\/#\/schema\/person\/ba95485c34ccd7ff7d598eaeb70275b3"},"headline":"Tour della Sicilia orientale 4gg\/3nt","datePublished":"2021-01-22T16:03:27+00:00","dateModified":"2021-05-03T19:55:29+00:00","mainEntityOfPage":{"@id":"https:\/\/www.sanmarinointernational.com\/el\/gran-tour-della-sicilia-5gg-4nt\/"},"wordCount":905,"publisher":{"@id":"https:\/\/www.sanmarinointernational.com\/el\/#organization"},"image":{"@id":"https:\/\/www.sanmarinointernational.com\/el\/gran-tour-della-sicilia-5gg-4nt\/#primaryimage"},"thumbnailUrl":"https:\/\/www.sanmarinointernational.com\/wp-content\/uploads\/2021\/01\/aeolian-islands-1301241.jpg","keywords":["Riservato"],"articleSection":["Italia","Sicilia","Tour"],"inLanguage":"el"},{"@type":"WebPage","@id":"https:\/\/www.sanmarinointernational.com\/el\/gran-tour-della-sicilia-5gg-4nt\/","url":"https:\/\/www.sanmarinointernational.com\/el\/gran-tour-della-sicilia-5gg-4nt\/","name":"Tour della Sicilia orientale 4gg\/3nt - San Marino International","isPartOf":{"@id":"https:\/\/www.sanmarinointernational.com\/el\/#website"},"primaryImageOfPage":{"@id":"https:\/\/www.sanmarinointernational.com\/el\/gran-tour-della-sicilia-5gg-4nt\/#primaryimage"},"image":{"@id":"https:\/\/www.sanmarinointernational.com\/el\/gran-tour-della-sicilia-5gg-4nt\/#primaryimage"},"thumbnailUrl":"https:\/\/www.sanmarinointernational.com\/wp-content\/uploads\/2021\/01\/aeolian-islands-1301241.jpg","datePublished":"2021-01-22T16:03:27+00:00","dateModified":"2021-05-03T19:55:29+00:00","description":"Tour Operator gruppi Italia ed Europa","breadcrumb":{"@id":"https:\/\/www.sanmarinointernational.com\/el\/gran-tour-della-sicilia-5gg-4nt\/#breadcrumb"},"inLanguage":"el","potentialAction":[{"@type":"ReadAction","target":["https:\/\/www.sanmarinointernational.com\/el\/gran-tour-della-sicilia-5gg-4nt\/"]}]},{"@type":"ImageObject","inLanguage":"el","@id":"https:\/\/www.sanmarinointernational.com\/el\/gran-tour-della-sicilia-5gg-4nt\/#primaryimage","url":"https:\/\/www.sanmarinointernational.com\/wp-content\/uploads\/2021\/01\/aeolian-islands-1301241.jpg","contentUrl":"https:\/\/www.sanmarinointernational.com\/wp-content\/uploads\/2021\/01\/aeolian-islands-1301241.jpg","width":1280,"height":720},{"@type":"BreadcrumbList","@id":"https:\/\/www.sanmarinointernational.com\/el\/gran-tour-della-sicilia-5gg-4nt\/#breadcrumb","itemListElement":[{"@type":"ListItem","position":1,"name":"Home","item":"https:\/\/www.sanmarinointernational.com\/el\/"},{"@type":"ListItem","position":2,"name":"Tour della Sicilia orientale 4gg\/3nt"}]},{"@type":"WebSite","@id":"https:\/\/www.sanmarinointernational.com\/el\/#website","url":"https:\/\/www.sanmarinointernational.com\/el\/","name":"San Marino International","description":"Solo Gruppi Italia Europa","publisher":{"@id":"https:\/\/www.sanmarinointernational.com\/el\/#organization"},"potentialAction":[{"@type":"SearchAction","target":{"@type":"EntryPoint","urlTemplate":"https:\/\/www.sanmarinointernational.com\/el\/?s={search_term_string}"},"query-input":{"@type":"PropertyValueSpecification","valueRequired":true,"valueName":"search_term_string"}}],"inLanguage":"el"},{"@type":"Organization","@id":"https:\/\/www.sanmarinointernational.com\/el\/#organization","name":"San Marino International srl","url":"https:\/\/www.sanmarinointernational.com\/el\/","logo":{"@type":"ImageObject","inLanguage":"el","@id":"https:\/\/www.sanmarinointernational.com\/el\/#\/schema\/logo\/image\/","url":"https:\/\/www.sanmarinointernational.com\/wp-content\/uploads\/2020\/11\/CompletoTavola-disegno-2144.png","contentUrl":"https:\/\/www.sanmarinointernational.com\/wp-content\/uploads\/2020\/11\/CompletoTavola-disegno-2144.png","width":121,"height":144,"caption":"San Marino International srl"},"image":{"@id":"https:\/\/www.sanmarinointernational.com\/el\/#\/schema\/logo\/image\/"},"sameAs":["https:\/\/www.facebook.com\/internationalrsm","https:\/\/www.instagram.com\/sanmarinointernational\/","https:\/\/www.linkedin.com\/company\/san-marino-international\/"]},{"@type":"Person","@id":"https:\/\/www.sanmarinointernational.com\/el\/#\/schema\/person\/ba95485c34ccd7ff7d598eaeb70275b3","name":"SMI","image":{"@type":"ImageObject","inLanguage":"el","@id":"https:\/\/secure.gravatar.com\/avatar\/00159391c8dba5db5f090c5a381bcad4a57fa2526981911ac8b1c80ebf69beff?s=96&d=mm&r=g","url":"https:\/\/secure.gravatar.com\/avatar\/00159391c8dba5db5f090c5a381bcad4a57fa2526981911ac8b1c80ebf69beff?s=96&d=mm&r=g","contentUrl":"https:\/\/secure.gravatar.com\/avatar\/00159391c8dba5db5f090c5a381bcad4a57fa2526981911ac8b1c80ebf69beff?s=96&d=mm&r=g","caption":"SMI"},"sameAs":["http:\/\/www.sanmarinointernational.com"]}]}},"uagb_featured_image_src":{"full":["https:\/\/www.sanmarinointernational.com\/wp-content\/uploads\/2021\/01\/aeolian-islands-1301241.jpg",1280,720,false],"thumbnail":["https:\/\/www.sanmarinointernational.com\/wp-content\/uploads\/2021\/01\/aeolian-islands-1301241-150x150.jpg",150,150,true],"medium":["https:\/\/www.sanmarinointernational.com\/wp-content\/uploads\/2021\/01\/aeolian-islands-1301241-300x169.jpg",300,169,true],"medium_large":["https:\/\/www.sanmarinointernational.com\/wp-content\/uploads\/2021\/01\/aeolian-islands-1301241-768x432.jpg",768,432,true],"large":["https:\/\/www.sanmarinointernational.com\/wp-content\/uploads\/2021\/01\/aeolian-islands-1301241-1024x576.jpg",800,450,true],"1536x1536":["https:\/\/www.sanmarinointernational.com\/wp-content\/uploads\/2021\/01\/aeolian-islands-1301241.jpg",1280,720,false],"2048x2048":["https:\/\/www.sanmarinointernational.com\/wp-content\/uploads\/2021\/01\/aeolian-islands-1301241.jpg",1280,720,false]},"uagb_author_info":{"display_name":"SMI","author_link":"https:\/\/www.sanmarinointernational.com\/el\/author\/admin2417\/"},"uagb_comment_info":1,"uagb_excerpt":"l Mare e la caldera del vulcano, i templi ed i teatri, i miti e la bellezza del Barocco, la Manga Grecia e l\u2019eleganza del tempo ...tra gusti e pro- fumi golosi a cavallo tra occidente ed oriente...","_links":{"self":[{"href":"https:\/\/www.sanmarinointernational.com\/el\/wp-json\/wp\/v2\/posts\/2749","targetHints":{"allow":["GET"]}}],"collection":[{"href":"https:\/\/www.sanmarinointernational.com\/el\/wp-json\/wp\/v2\/posts"}],"about":[{"href":"https:\/\/www.sanmarinointernational.com\/el\/wp-json\/wp\/v2\/types\/post"}],"author":[{"embeddable":true,"href":"https:\/\/www.sanmarinointernational.com\/el\/wp-json\/wp\/v2\/users\/1"}],"replies":[{"embeddable":true,"href":"https:\/\/www.sanmarinointernational.com\/el\/wp-json\/wp\/v2\/comments?post=2749"}],"version-history":[{"count":0,"href":"https:\/\/www.sanmarinointernational.com\/el\/wp-json\/wp\/v2\/posts\/2749\/revisions"}],"wp:featuredmedia":[{"embeddable":true,"href":"https:\/\/www.sanmarinointernational.com\/el\/wp-json\/wp\/v2\/media\/2750"}],"wp:attachment":[{"href":"https:\/\/www.sanmarinointernational.com\/el\/wp-json\/wp\/v2\/media?parent=2749"}],"wp:term":[{"taxonomy":"category","embeddable":true,"href":"https:\/\/www.sanmarinointernational.com\/el\/wp-json\/wp\/v2\/categories?post=2749"},{"taxonomy":"post_tag","embeddable":true,"href":"https:\/\/www.sanmarinointernational.com\/el\/wp-json\/wp\/v2\/tags?post=2749"}],"curies":[{"name":"wp","href":"https:\/\/api.w.org\/{rel}","templated":true}]}}