{"id":2765,"date":"2021-01-22T17:10:31","date_gmt":"2021-01-22T16:10:31","guid":{"rendered":"http:\/\/www2.sanmarinointernational.com\/?p=2765"},"modified":"2021-05-03T18:09:40","modified_gmt":"2021-05-03T16:09:40","slug":"tour-della-sardegna-7gg-6nt","status":"publish","type":"post","link":"https:\/\/www.sanmarinointernational.com\/de\/tour-della-sardegna-7gg-6nt\/","title":{"rendered":"Tour della Sardegna 7gg\/6nt"},"content":{"rendered":"\n<p><strong>1\u00b0 Giorno :<\/strong> <strong>OLBIA-SANTA TERESA DI GALLURA <\/strong><br>Arrivo ad Olbia in prima mattinata, incontro con la guida e&nbsp;visita della citt\u00e0. Pranzo libero lungo il percorso e proseguimento per Santa Teresa di Gallura&nbsp;che&nbsp;si trova a picco sul mare, ed \u00e8 stata fondata dai Savoia su un promontorio a 40 metri di altezza sul livello del mare agli inizi del 1800 per combattere il contrabbando. Visita del centro storico e al termine sistemazione in hotel per cena e pernottamento ad Arzachena.&nbsp;&nbsp;<\/p>\n\n\n\n<p><strong>2\u00b0 Giorno: PALAU \u2013 LA MADDALENA&nbsp;&nbsp;<br><\/strong>La giornata sar\u00e0 dedicata all\u2019escursione di Palau e de La Maddalena.&nbsp;Dopo la prima colazione in hotel, incontro con la guida e visita del centro storico di Palau. Imbarco sul traghetto per La Maddalena. Pranzo libero e visita dell\u2019isola. Rientro in hotel per cena e pernottamento.&nbsp;&nbsp;<\/p>\n\n\n\n<p><strong>3\u00b0 Giorno : CASTELSARDO &#8211; SASSARI <br><\/strong>Dopo la prima colazione in hotel partenza per Castelsardo, un antico borgo medievale sviluppatosi su una rupe rocciosa di trachite&nbsp;lungo la splendida Costa Paradiso, nel nord della Sardegna. Visita dell\u2019antico centro storico e proseguimento per Sassari. Pranzo libero e nel pomeriggio visita della&nbsp;citt\u00e0. Al termine sistemazione in hotel per cena e pernottamento.&nbsp;&nbsp;<\/p>\n\n\n\n<p><strong>4\u00b0 Giorno: ALGHERO \u2013 NUORO \u2013 CALA GONONE&nbsp;&nbsp;<br><\/strong>In mattinata partenza e sosta ad Alghero con visita guidata del centro storico e proseguimento per&nbsp;Orgosolo e visita guidata del paesino&nbsp;famoso per i suoi variopinti &#8220;Murales&#8221;. Pranzo con men\u00f9 tipico cucinato dai pastori. Nel pomeriggio sosta per tempo libero a Cala&nbsp;Gonone. In serata sistemazione per cena e pernottamento in hotel a Nuoro.<\/p>\n\n\n\n<p><strong>5\u00b0 Giorno: BOSA \u2013 CABRAS \u2013 ORISTANO&nbsp;<br><\/strong>Prima colazione in hotel e partenza per Bosa e visita del bellissimo borgo&nbsp;caratterizzato dai mille colori dei suoi edifici e dominato dal celebre Castello di Malaspina. Proseguimento&nbsp;con la visita di&nbsp;Cabras,&nbsp;un piccolo paese di pescatori&nbsp;ed al termine&nbsp;sistemazione ad Oristano, tempo libero e rientro in hotel&nbsp;per cena&nbsp;e pernottamento.&nbsp;&nbsp;<\/p>\n\n\n\n<p><strong>6\u00b0 Giorno: BARUMINI \u2013 CAGLIARI&nbsp;&nbsp;<br><\/strong>Dopo la prima colazione partenza per la visita di Barumini&nbsp;e visita guidata del famoso complesso monumentale di Su&nbsp;Nuraxi, reggia nuragica Patrimonio UNESCO.&nbsp;Pranzo&nbsp;libero e proseguimento per Cagliari. Visita guidata del capoluogo sardo, costruito su sette colli che si specchiano nelle acque cristalline del Golfo degli Angeli: itinerario panoramico guidato con vista sulla zona universitaria, sulla zona di Santa Croce con l&#8217;antico Ghetto Ebraico, sulla Cittadella dei Musei, sulla Torre di San Pancrazio, sull&#8217;Anfiteatro Romano e visita del Santuario di Nostra Signora di Bonaria. Sistemazione in hotel per cena e pernottamento.&nbsp;&nbsp;<\/p>\n\n\n\n<p><strong>7\u00b0 Giorno: CAGLIARI- RIENTRO <br><\/strong>Colazione in hotel e tempo a disposizione per lo shopping in attesa dell\u2019imbarco per il rientro.&nbsp;&nbsp;<\/p>\n\n\n\n<h3 class=\"wp-block-heading\"><strong>Il tour in breve<\/strong><\/h3>\n\n\n\n<p>Le grotte ed il blu oltremare, il rosso corallo ed i set cinematografici, i castelli al sole ed il lato selvaggio, il lusso vacanziero ed il sussurro del mare&#8230;tra i gusti antichi delle terre aride e del mare generoso&#8230;<\/p>\n\n\n\n<ul class=\"wp-block-list\"><li>Prezzo a partire da \u20ac390,00 a persona <\/li><li>supplemento singola a partire da 140,00<\/li><\/ul>\n\n\n\n<h3 class=\"wp-block-heading\"><strong>La quota comprende<\/strong><\/h3>\n\n\n\n<ul class=\"wp-block-list\"><li>Servizi alberghieri in hotel 3* e 4 * con sistemazione in camera doppia&nbsp;ad Arzachena, Sassari, Nuoro, Oristano, Cagliari&nbsp;&nbsp;<\/li><li>Trattamento di mezza&nbsp;pensione&nbsp;in hotel&nbsp;&nbsp;<\/li><li>1 Pranzo tipico con i pastori ad Orgosolo&nbsp;&nbsp;<\/li><li>6&nbsp;visita guidata giornata intera come da programma&nbsp;<\/li><li>Traghetto Palau\/La Maddalena&nbsp;&nbsp;<\/li><\/ul>\n\n\n\n<h3 class=\"wp-block-heading\"><strong>La quota NON comprende<\/strong><\/h3>\n\n\n\n<ul class=\"wp-block-list\"><li>Trasporto in bus e sistemazione autista durante il soggiorno&nbsp;<\/li><li>Traghetto&nbsp;&nbsp;<\/li><li>Pasti guida in intere giornate&nbsp;&nbsp;<\/li><li>Navigazioni&nbsp;&nbsp;<\/li><li>Bevande ai pasti&nbsp;<\/li><li>Auricolari per le visite guidate&nbsp;<\/li><li>Eventuale 2\u00b0 guida per ingressi a musei e monumenti&nbsp;<\/li><li>Ingressi durante le visite&nbsp;<\/li><li>Tasse di soggiorno&nbsp;<\/li><li>Mance, extra, quanto non espressamente indicato in \u201cla quota comprende\u2019&nbsp;<\/li><\/ul>\n\n\n\n<h3 class=\"wp-block-heading\">TIPOLOGIA HOTEL CONSIDERATA <\/h3>\n\n\n\n<ul class=\"wp-block-list\"><li>Arzachena: Blu Hotel Laconia Village 4*&nbsp;&nbsp;<\/li><li>Sassari :&nbsp;Hotel Carlo Felice 4*&nbsp;<\/li><li>Nuoro :&nbsp;Hotel Grillo 3*&nbsp;<\/li><li>Oristano:&nbsp;Hotel Mariano IV Palace 4*&nbsp;<\/li><li>Cagliari :&nbsp;Hotel Holiday Inn 4*&nbsp;&nbsp;<\/li><\/ul>\n\n\n\n<h3 class=\"wp-block-heading\"><strong>La ciliegina sulla torta<\/strong><\/h3>\n\n\n\n<p><strong>Il Mar Morto del Sinis: <\/strong>Mare Morto \u00e8 il nome di una localit\u00e0 che si trova lungo la parte sud-orientale dell\u2019Area Marina Protetta \u201cPenisola del Sinis\u2013Isola di Mal di Ventre\u201d, all\u2019interno del Golfo di Oristano. A differenza del pi\u00f9 noto mare mediorientale, dove non c\u2019\u00e8 vita, il Mare Morto del Sinis \u00e8 un luogo decisamente pi\u00f9 animato. Il suo nome \u00e8 legato esclusivamente al fatto che quasi mai ci sono onde e quindi alla tranquillit\u00e0 dell\u2019approdo, che fin dal periodo fenicio non riserva sgradite sorprese ai tanti diportisti che possono quindi lasciare le loro imbarcazioni alla fonda senza preoccuparsi. La sua spiaggia, conosciuta anche come Su Siccu, \u00e8 molto carina e tranquilla, la sabbia bianca e l\u2019acqua azzurra ne fanno un luogo decisamente piacevole. Alle spalle della spiaggia si estende il bellissimo stagno di Mistras, dove possiamo trovare varie specie di uccelli acquatici, compresi i fenicotteri rosa.<\/p>\n","protected":false},"excerpt":{"rendered":"<p>le grotte ed il blu oltremare, il rosso corallo ed i set cinematografici, i castelli al sole ed il lato selvaggio, il lusso vacanziero ed il sussurro del mare<br \/>\n&#8230;tra i gusti antichi delle terre aride e del mare generoso&#8230;<\/p>\n","protected":false},"author":1,"featured_media":2766,"comment_status":"closed","ping_status":"open","sticky":false,"template":"","format":"standard","meta":{"content-type":"","_uag_custom_page_level_css":"","footnotes":""},"categories":[128,215,157],"tags":[156],"class_list":["post-2765","post","type-post","status-publish","format-standard","has-post-thumbnail","hentry","category-italia","category-sardegna","category-tour","tag-riservato"],"yoast_head":"<!-- This site is optimized with the Yoast SEO plugin v27.5 - https:\/\/yoast.com\/product\/yoast-seo-wordpress\/ -->\n<title>Tour della Sardegna 7gg\/6nt - San Marino International<\/title>\n<meta name=\"description\" content=\"Tour Operator gruppi Italia ed Europa\" \/>\n<meta name=\"robots\" content=\"noindex, follow\" \/>\n<meta property=\"og:locale\" content=\"de_DE\" \/>\n<meta property=\"og:type\" content=\"article\" \/>\n<meta property=\"og:title\" content=\"Tour della Sardegna 7gg\/6nt - San Marino International\" \/>\n<meta property=\"og:description\" content=\"Tour Operator gruppi Italia ed Europa\" \/>\n<meta property=\"og:url\" content=\"https:\/\/www.sanmarinointernational.com\/de\/tour-della-sardegna-7gg-6nt\/\" \/>\n<meta property=\"og:site_name\" content=\"San Marino International\" \/>\n<meta property=\"article:publisher\" content=\"https:\/\/www.facebook.com\/internationalrsm\" \/>\n<meta property=\"article:published_time\" content=\"2021-01-22T16:10:31+00:00\" \/>\n<meta property=\"article:modified_time\" content=\"2021-05-03T16:09:40+00:00\" \/>\n<meta property=\"og:image\" content=\"https:\/\/www.sanmarinointernational.com\/wp-content\/uploads\/2021\/01\/sardinia-4479305.jpg\" \/>\n\t<meta property=\"og:image:width\" content=\"1280\" \/>\n\t<meta property=\"og:image:height\" content=\"719\" \/>\n\t<meta property=\"og:image:type\" content=\"image\/jpeg\" \/>\n<meta name=\"author\" content=\"SMI\" \/>\n<meta name=\"twitter:card\" content=\"summary_large_image\" \/>\n<script type=\"application\/ld+json\" class=\"yoast-schema-graph\">{\"@context\":\"https:\\\/\\\/schema.org\",\"@graph\":[{\"@type\":\"Article\",\"@id\":\"https:\\\/\\\/www.sanmarinointernational.com\\\/de\\\/tour-della-sardegna-7gg-6nt\\\/#article\",\"isPartOf\":{\"@id\":\"https:\\\/\\\/www.sanmarinointernational.com\\\/de\\\/tour-della-sardegna-7gg-6nt\\\/\"},\"author\":{\"name\":\"SMI\",\"@id\":\"https:\\\/\\\/www.sanmarinointernational.com\\\/de\\\/#\\\/schema\\\/person\\\/ba95485c34ccd7ff7d598eaeb70275b3\"},\"headline\":\"Tour della Sardegna 7gg\\\/6nt\",\"datePublished\":\"2021-01-22T16:10:31+00:00\",\"dateModified\":\"2021-05-03T16:09:40+00:00\",\"mainEntityOfPage\":{\"@id\":\"https:\\\/\\\/www.sanmarinointernational.com\\\/de\\\/tour-della-sardegna-7gg-6nt\\\/\"},\"wordCount\":833,\"publisher\":{\"@id\":\"https:\\\/\\\/www.sanmarinointernational.com\\\/de\\\/#organization\"},\"image\":{\"@id\":\"https:\\\/\\\/www.sanmarinointernational.com\\\/de\\\/tour-della-sardegna-7gg-6nt\\\/#primaryimage\"},\"thumbnailUrl\":\"https:\\\/\\\/www.sanmarinointernational.com\\\/wp-content\\\/uploads\\\/2021\\\/01\\\/sardinia-4479305.jpg\",\"keywords\":[\"Riservato\"],\"articleSection\":[\"Italia\",\"Sardegna\",\"Tour\"],\"inLanguage\":\"de\"},{\"@type\":\"WebPage\",\"@id\":\"https:\\\/\\\/www.sanmarinointernational.com\\\/de\\\/tour-della-sardegna-7gg-6nt\\\/\",\"url\":\"https:\\\/\\\/www.sanmarinointernational.com\\\/de\\\/tour-della-sardegna-7gg-6nt\\\/\",\"name\":\"Tour della Sardegna 7gg\\\/6nt - San Marino International\",\"isPartOf\":{\"@id\":\"https:\\\/\\\/www.sanmarinointernational.com\\\/de\\\/#website\"},\"primaryImageOfPage\":{\"@id\":\"https:\\\/\\\/www.sanmarinointernational.com\\\/de\\\/tour-della-sardegna-7gg-6nt\\\/#primaryimage\"},\"image\":{\"@id\":\"https:\\\/\\\/www.sanmarinointernational.com\\\/de\\\/tour-della-sardegna-7gg-6nt\\\/#primaryimage\"},\"thumbnailUrl\":\"https:\\\/\\\/www.sanmarinointernational.com\\\/wp-content\\\/uploads\\\/2021\\\/01\\\/sardinia-4479305.jpg\",\"datePublished\":\"2021-01-22T16:10:31+00:00\",\"dateModified\":\"2021-05-03T16:09:40+00:00\",\"description\":\"Tour Operator gruppi Italia ed Europa\",\"breadcrumb\":{\"@id\":\"https:\\\/\\\/www.sanmarinointernational.com\\\/de\\\/tour-della-sardegna-7gg-6nt\\\/#breadcrumb\"},\"inLanguage\":\"de\",\"potentialAction\":[{\"@type\":\"ReadAction\",\"target\":[\"https:\\\/\\\/www.sanmarinointernational.com\\\/de\\\/tour-della-sardegna-7gg-6nt\\\/\"]}]},{\"@type\":\"ImageObject\",\"inLanguage\":\"de\",\"@id\":\"https:\\\/\\\/www.sanmarinointernational.com\\\/de\\\/tour-della-sardegna-7gg-6nt\\\/#primaryimage\",\"url\":\"https:\\\/\\\/www.sanmarinointernational.com\\\/wp-content\\\/uploads\\\/2021\\\/01\\\/sardinia-4479305.jpg\",\"contentUrl\":\"https:\\\/\\\/www.sanmarinointernational.com\\\/wp-content\\\/uploads\\\/2021\\\/01\\\/sardinia-4479305.jpg\",\"width\":1280,\"height\":719},{\"@type\":\"BreadcrumbList\",\"@id\":\"https:\\\/\\\/www.sanmarinointernational.com\\\/de\\\/tour-della-sardegna-7gg-6nt\\\/#breadcrumb\",\"itemListElement\":[{\"@type\":\"ListItem\",\"position\":1,\"name\":\"Home\",\"item\":\"https:\\\/\\\/www.sanmarinointernational.com\\\/de\\\/\"},{\"@type\":\"ListItem\",\"position\":2,\"name\":\"Tour della Sardegna 7gg\\\/6nt\"}]},{\"@type\":\"WebSite\",\"@id\":\"https:\\\/\\\/www.sanmarinointernational.com\\\/de\\\/#website\",\"url\":\"https:\\\/\\\/www.sanmarinointernational.com\\\/de\\\/\",\"name\":\"San Marino International\",\"description\":\"Solo Gruppi Italia Europa\",\"publisher\":{\"@id\":\"https:\\\/\\\/www.sanmarinointernational.com\\\/de\\\/#organization\"},\"potentialAction\":[{\"@type\":\"SearchAction\",\"target\":{\"@type\":\"EntryPoint\",\"urlTemplate\":\"https:\\\/\\\/www.sanmarinointernational.com\\\/de\\\/?s={search_term_string}\"},\"query-input\":{\"@type\":\"PropertyValueSpecification\",\"valueRequired\":true,\"valueName\":\"search_term_string\"}}],\"inLanguage\":\"de\"},{\"@type\":\"Organization\",\"@id\":\"https:\\\/\\\/www.sanmarinointernational.com\\\/de\\\/#organization\",\"name\":\"San Marino International srl\",\"url\":\"https:\\\/\\\/www.sanmarinointernational.com\\\/de\\\/\",\"logo\":{\"@type\":\"ImageObject\",\"inLanguage\":\"de\",\"@id\":\"https:\\\/\\\/www.sanmarinointernational.com\\\/de\\\/#\\\/schema\\\/logo\\\/image\\\/\",\"url\":\"https:\\\/\\\/www.sanmarinointernational.com\\\/wp-content\\\/uploads\\\/2020\\\/11\\\/CompletoTavola-disegno-2144.png\",\"contentUrl\":\"https:\\\/\\\/www.sanmarinointernational.com\\\/wp-content\\\/uploads\\\/2020\\\/11\\\/CompletoTavola-disegno-2144.png\",\"width\":121,\"height\":144,\"caption\":\"San Marino International srl\"},\"image\":{\"@id\":\"https:\\\/\\\/www.sanmarinointernational.com\\\/de\\\/#\\\/schema\\\/logo\\\/image\\\/\"},\"sameAs\":[\"https:\\\/\\\/www.facebook.com\\\/internationalrsm\",\"https:\\\/\\\/www.instagram.com\\\/sanmarinointernational\\\/\",\"https:\\\/\\\/www.linkedin.com\\\/company\\\/san-marino-international\\\/\"]},{\"@type\":\"Person\",\"@id\":\"https:\\\/\\\/www.sanmarinointernational.com\\\/de\\\/#\\\/schema\\\/person\\\/ba95485c34ccd7ff7d598eaeb70275b3\",\"name\":\"SMI\",\"image\":{\"@type\":\"ImageObject\",\"inLanguage\":\"de\",\"@id\":\"https:\\\/\\\/secure.gravatar.com\\\/avatar\\\/00159391c8dba5db5f090c5a381bcad4a57fa2526981911ac8b1c80ebf69beff?s=96&d=mm&r=g\",\"url\":\"https:\\\/\\\/secure.gravatar.com\\\/avatar\\\/00159391c8dba5db5f090c5a381bcad4a57fa2526981911ac8b1c80ebf69beff?s=96&d=mm&r=g\",\"contentUrl\":\"https:\\\/\\\/secure.gravatar.com\\\/avatar\\\/00159391c8dba5db5f090c5a381bcad4a57fa2526981911ac8b1c80ebf69beff?s=96&d=mm&r=g\",\"caption\":\"SMI\"},\"sameAs\":[\"http:\\\/\\\/www.sanmarinointernational.com\"]}]}<\/script>\n<!-- \/ Yoast SEO plugin. -->","yoast_head_json":{"title":"Tour della Sardegna 7gg\/6nt - San Marino International","description":"Tour Operator gruppi Italia ed Europa","robots":{"index":"noindex","follow":"follow"},"og_locale":"de_DE","og_type":"article","og_title":"Tour della Sardegna 7gg\/6nt - San Marino International","og_description":"Tour Operator gruppi Italia ed Europa","og_url":"https:\/\/www.sanmarinointernational.com\/de\/tour-della-sardegna-7gg-6nt\/","og_site_name":"San Marino International","article_publisher":"https:\/\/www.facebook.com\/internationalrsm","article_published_time":"2021-01-22T16:10:31+00:00","article_modified_time":"2021-05-03T16:09:40+00:00","og_image":[{"width":1280,"height":719,"url":"https:\/\/www.sanmarinointernational.com\/wp-content\/uploads\/2021\/01\/sardinia-4479305.jpg","type":"image\/jpeg"}],"author":"SMI","twitter_card":"summary_large_image","schema":{"@context":"https:\/\/schema.org","@graph":[{"@type":"Article","@id":"https:\/\/www.sanmarinointernational.com\/de\/tour-della-sardegna-7gg-6nt\/#article","isPartOf":{"@id":"https:\/\/www.sanmarinointernational.com\/de\/tour-della-sardegna-7gg-6nt\/"},"author":{"name":"SMI","@id":"https:\/\/www.sanmarinointernational.com\/de\/#\/schema\/person\/ba95485c34ccd7ff7d598eaeb70275b3"},"headline":"Tour della Sardegna 7gg\/6nt","datePublished":"2021-01-22T16:10:31+00:00","dateModified":"2021-05-03T16:09:40+00:00","mainEntityOfPage":{"@id":"https:\/\/www.sanmarinointernational.com\/de\/tour-della-sardegna-7gg-6nt\/"},"wordCount":833,"publisher":{"@id":"https:\/\/www.sanmarinointernational.com\/de\/#organization"},"image":{"@id":"https:\/\/www.sanmarinointernational.com\/de\/tour-della-sardegna-7gg-6nt\/#primaryimage"},"thumbnailUrl":"https:\/\/www.sanmarinointernational.com\/wp-content\/uploads\/2021\/01\/sardinia-4479305.jpg","keywords":["Riservato"],"articleSection":["Italia","Sardegna","Tour"],"inLanguage":"de"},{"@type":"WebPage","@id":"https:\/\/www.sanmarinointernational.com\/de\/tour-della-sardegna-7gg-6nt\/","url":"https:\/\/www.sanmarinointernational.com\/de\/tour-della-sardegna-7gg-6nt\/","name":"Tour della Sardegna 7gg\/6nt - San Marino International","isPartOf":{"@id":"https:\/\/www.sanmarinointernational.com\/de\/#website"},"primaryImageOfPage":{"@id":"https:\/\/www.sanmarinointernational.com\/de\/tour-della-sardegna-7gg-6nt\/#primaryimage"},"image":{"@id":"https:\/\/www.sanmarinointernational.com\/de\/tour-della-sardegna-7gg-6nt\/#primaryimage"},"thumbnailUrl":"https:\/\/www.sanmarinointernational.com\/wp-content\/uploads\/2021\/01\/sardinia-4479305.jpg","datePublished":"2021-01-22T16:10:31+00:00","dateModified":"2021-05-03T16:09:40+00:00","description":"Tour Operator gruppi Italia ed Europa","breadcrumb":{"@id":"https:\/\/www.sanmarinointernational.com\/de\/tour-della-sardegna-7gg-6nt\/#breadcrumb"},"inLanguage":"de","potentialAction":[{"@type":"ReadAction","target":["https:\/\/www.sanmarinointernational.com\/de\/tour-della-sardegna-7gg-6nt\/"]}]},{"@type":"ImageObject","inLanguage":"de","@id":"https:\/\/www.sanmarinointernational.com\/de\/tour-della-sardegna-7gg-6nt\/#primaryimage","url":"https:\/\/www.sanmarinointernational.com\/wp-content\/uploads\/2021\/01\/sardinia-4479305.jpg","contentUrl":"https:\/\/www.sanmarinointernational.com\/wp-content\/uploads\/2021\/01\/sardinia-4479305.jpg","width":1280,"height":719},{"@type":"BreadcrumbList","@id":"https:\/\/www.sanmarinointernational.com\/de\/tour-della-sardegna-7gg-6nt\/#breadcrumb","itemListElement":[{"@type":"ListItem","position":1,"name":"Home","item":"https:\/\/www.sanmarinointernational.com\/de\/"},{"@type":"ListItem","position":2,"name":"Tour della Sardegna 7gg\/6nt"}]},{"@type":"WebSite","@id":"https:\/\/www.sanmarinointernational.com\/de\/#website","url":"https:\/\/www.sanmarinointernational.com\/de\/","name":"San Marino International","description":"Solo Gruppi Italia Europa","publisher":{"@id":"https:\/\/www.sanmarinointernational.com\/de\/#organization"},"potentialAction":[{"@type":"SearchAction","target":{"@type":"EntryPoint","urlTemplate":"https:\/\/www.sanmarinointernational.com\/de\/?s={search_term_string}"},"query-input":{"@type":"PropertyValueSpecification","valueRequired":true,"valueName":"search_term_string"}}],"inLanguage":"de"},{"@type":"Organization","@id":"https:\/\/www.sanmarinointernational.com\/de\/#organization","name":"San Marino International srl","url":"https:\/\/www.sanmarinointernational.com\/de\/","logo":{"@type":"ImageObject","inLanguage":"de","@id":"https:\/\/www.sanmarinointernational.com\/de\/#\/schema\/logo\/image\/","url":"https:\/\/www.sanmarinointernational.com\/wp-content\/uploads\/2020\/11\/CompletoTavola-disegno-2144.png","contentUrl":"https:\/\/www.sanmarinointernational.com\/wp-content\/uploads\/2020\/11\/CompletoTavola-disegno-2144.png","width":121,"height":144,"caption":"San Marino International srl"},"image":{"@id":"https:\/\/www.sanmarinointernational.com\/de\/#\/schema\/logo\/image\/"},"sameAs":["https:\/\/www.facebook.com\/internationalrsm","https:\/\/www.instagram.com\/sanmarinointernational\/","https:\/\/www.linkedin.com\/company\/san-marino-international\/"]},{"@type":"Person","@id":"https:\/\/www.sanmarinointernational.com\/de\/#\/schema\/person\/ba95485c34ccd7ff7d598eaeb70275b3","name":"SMI","image":{"@type":"ImageObject","inLanguage":"de","@id":"https:\/\/secure.gravatar.com\/avatar\/00159391c8dba5db5f090c5a381bcad4a57fa2526981911ac8b1c80ebf69beff?s=96&d=mm&r=g","url":"https:\/\/secure.gravatar.com\/avatar\/00159391c8dba5db5f090c5a381bcad4a57fa2526981911ac8b1c80ebf69beff?s=96&d=mm&r=g","contentUrl":"https:\/\/secure.gravatar.com\/avatar\/00159391c8dba5db5f090c5a381bcad4a57fa2526981911ac8b1c80ebf69beff?s=96&d=mm&r=g","caption":"SMI"},"sameAs":["http:\/\/www.sanmarinointernational.com"]}]}},"uagb_featured_image_src":{"full":["https:\/\/www.sanmarinointernational.com\/wp-content\/uploads\/2021\/01\/sardinia-4479305.jpg",1280,719,false],"thumbnail":["https:\/\/www.sanmarinointernational.com\/wp-content\/uploads\/2021\/01\/sardinia-4479305-150x150.jpg",150,150,true],"medium":["https:\/\/www.sanmarinointernational.com\/wp-content\/uploads\/2021\/01\/sardinia-4479305-300x169.jpg",300,169,true],"medium_large":["https:\/\/www.sanmarinointernational.com\/wp-content\/uploads\/2021\/01\/sardinia-4479305-768x431.jpg",768,431,true],"large":["https:\/\/www.sanmarinointernational.com\/wp-content\/uploads\/2021\/01\/sardinia-4479305-1024x575.jpg",800,449,true],"1536x1536":["https:\/\/www.sanmarinointernational.com\/wp-content\/uploads\/2021\/01\/sardinia-4479305.jpg",1280,719,false],"2048x2048":["https:\/\/www.sanmarinointernational.com\/wp-content\/uploads\/2021\/01\/sardinia-4479305.jpg",1280,719,false]},"uagb_author_info":{"display_name":"SMI","author_link":"https:\/\/www.sanmarinointernational.com\/de\/author\/admin2417\/"},"uagb_comment_info":0,"uagb_excerpt":"le grotte ed il blu oltremare, il rosso corallo ed i set cinematografici, i castelli al sole ed il lato selvaggio, il lusso vacanziero ed il sussurro del mare ...tra i gusti antichi delle terre aride e del mare generoso...","_links":{"self":[{"href":"https:\/\/www.sanmarinointernational.com\/de\/wp-json\/wp\/v2\/posts\/2765","targetHints":{"allow":["GET"]}}],"collection":[{"href":"https:\/\/www.sanmarinointernational.com\/de\/wp-json\/wp\/v2\/posts"}],"about":[{"href":"https:\/\/www.sanmarinointernational.com\/de\/wp-json\/wp\/v2\/types\/post"}],"author":[{"embeddable":true,"href":"https:\/\/www.sanmarinointernational.com\/de\/wp-json\/wp\/v2\/users\/1"}],"replies":[{"embeddable":true,"href":"https:\/\/www.sanmarinointernational.com\/de\/wp-json\/wp\/v2\/comments?post=2765"}],"version-history":[{"count":0,"href":"https:\/\/www.sanmarinointernational.com\/de\/wp-json\/wp\/v2\/posts\/2765\/revisions"}],"wp:featuredmedia":[{"embeddable":true,"href":"https:\/\/www.sanmarinointernational.com\/de\/wp-json\/wp\/v2\/media\/2766"}],"wp:attachment":[{"href":"https:\/\/www.sanmarinointernational.com\/de\/wp-json\/wp\/v2\/media?parent=2765"}],"wp:term":[{"taxonomy":"category","embeddable":true,"href":"https:\/\/www.sanmarinointernational.com\/de\/wp-json\/wp\/v2\/categories?post=2765"},{"taxonomy":"post_tag","embeddable":true,"href":"https:\/\/www.sanmarinointernational.com\/de\/wp-json\/wp\/v2\/tags?post=2765"}],"curies":[{"name":"wp","href":"https:\/\/api.w.org\/{rel}","templated":true}]}}